{"id":1963,"date":"2012-11-02T16:55:01","date_gmt":"2012-11-02T16:25:01","guid":{"rendered":"http:\/\/www.lieblos.de\/?p=1963"},"modified":"2012-11-02T16:55:01","modified_gmt":"2012-11-02T16:25:01","slug":"was-weg-muss-muss-weg","status":"publish","type":"post","link":"https:\/\/www.lieblos.de\/?p=1963","title":{"rendered":"Was weg muss, muss weg!"},"content":{"rendered":"<p><a href=\"http:\/\/www.lieblos.de\/?attachment_id=1964\" rel=\"attachment wp-att-1964\"><img loading=\"lazy\" decoding=\"async\" src=\"http:\/\/www.lieblos.de\/wp-content\/uploads\/2012\/11\/20121102_Mac_Mini_im_Muell_-900x408.jpg\" alt=\"\" title=\"20121102_Mac_Mini_im_Muell_\" width=\"900\" height=\"408\" class=\"aligncenter size-medium wp-image-1964\" srcset=\"https:\/\/www.lieblos.de\/wp-content\/uploads\/2012\/11\/20121102_Mac_Mini_im_Muell_-900x408.jpg 900w, https:\/\/www.lieblos.de\/wp-content\/uploads\/2012\/11\/20121102_Mac_Mini_im_Muell_.jpg 1200w\" sizes=\"auto, (max-width: 709px) 85vw, (max-width: 909px) 67vw, (max-width: 1362px) 62vw, 840px\" \/><\/a><\/p>\n<p>Wir sind gerade beim Aufr\u00e4umen unseres B\u00fcros: neue Regale, Drecksecken vernichten, spannende Sachen durchsortieren, Stapel bilden usw. Dabei schmeisse ich auch einige Dinge weg und trenne mich von Unzertrennlichem: Auch mein Mac Mini musste daran glauben, schon ewig kaputt und schon lange durch ein Macbook an Bord der Beberich ersetzt &#8211; Aber ihr kennt das ja, man trennt sich so schwer &#8230; und wer weiss, vielleicht kann man es noch mal gebrauchen ?! &#8211; So auch beim Wegschmeissen: &#8222;Ach ja, aber den RAM-Baustein, den kann ich aufbewahren, vielleicht passt der irgendwann irgendwo&#8220;. Ich hatte ihn nicht ganz in der Hand, drauf stand &#8222;1024MB 400Mhz&#8220;, und ich liess ihn schon wieder los. &#8222;Pfff, das ist M\u00fcll, hab ich mir nicht gerade 8GB f\u00fcrn Apel und n Ei gekooft!&#8220;. Und zack kam danach gleich die Erinnerung, die ich immer bei altem RAM habe: &#8222;\u00dcber 2500 Mark habe ich in den Neunzigern f\u00fcr 4MB! Megabyte, nicht Gigabyte! bezahlt, und das war Einkaufspreis.&#8220; &#8230; die Zeit rennt &#8230;<\/p>\n<p>&#8230; und manchmal ist es faszinierend, was passiert: Meine Frau kramt den Deckel des Mac Minis wieder aus dem M\u00fcll, &#8222;Was, den willst du wegschmeissen, der sieht doch so sch\u00f6n aus!&#8220; &#8230; einige Putzminuten sp\u00e4ter muss ich meine Frau hochheben und der Deckel wird oben auf dem Regal positioniert. &#8222;Oooooch, sch\u00f6\u00f6\u00f6\u00f6\u00f6\u00f6\u00f6n&#8220;. Einen sch\u00f6nen alten Laptop wollte Sie nicht im Regal stehen haben, aber nen Deckel vom Mac Mini *kopfsch\u00fcttel &#8211; Und mit Argusaugen wird er besch\u00fctzt, der Deckel &#8230;<\/p>\n<p><a href=\"http:\/\/www.lieblos.de\/?attachment_id=1966\" rel=\"attachment wp-att-1966\"><img loading=\"lazy\" decoding=\"async\" src=\"http:\/\/www.lieblos.de\/wp-content\/uploads\/2012\/11\/20121102_Mac_Mini_doch_auf_dem_Regal_-900x352.jpg\" alt=\"\" title=\"20121102_Mac_Mini_doch_auf_dem_Regal_\" width=\"900\" height=\"352\" class=\"aligncenter size-medium wp-image-1966\" srcset=\"https:\/\/www.lieblos.de\/wp-content\/uploads\/2012\/11\/20121102_Mac_Mini_doch_auf_dem_Regal_-900x352.jpg 900w, https:\/\/www.lieblos.de\/wp-content\/uploads\/2012\/11\/20121102_Mac_Mini_doch_auf_dem_Regal_.jpg 1200w\" sizes=\"auto, (max-width: 709px) 85vw, (max-width: 909px) 67vw, (max-width: 1362px) 62vw, 840px\" \/><\/a><\/p>\n<p>Nun sag Einer, wir M\u00e4nner k\u00f6nnten nix wegschmeissen *lach*, wir w\u00fcrden ja &#8211; aber wir d\u00fcrfen nicht! <\/p>\n","protected":false},"excerpt":{"rendered":"<p>Wir sind gerade beim Aufr\u00e4umen unseres B\u00fcros: neue Regale, Drecksecken vernichten, spannende Sachen durchsortieren, Stapel bilden usw. Dabei schmeisse ich auch einige Dinge weg und trenne mich von Unzertrennlichem: Auch mein Mac Mini musste daran glauben, schon ewig kaputt und schon lange durch ein Macbook an Bord der Beberich ersetzt &#8211; Aber ihr kennt das &hellip; <a href=\"https:\/\/www.lieblos.de\/?p=1963\" class=\"more-link\"><span class=\"screen-reader-text\">\u201eWas weg muss, muss weg!\u201c <\/span>weiterlesen<\/a><\/p>\n","protected":false},"author":1,"featured_media":0,"comment_status":"open","ping_status":"closed","sticky":false,"template":"","format":"standard","meta":{"footnotes":""},"categories":[23,14],"tags":[],"class_list":["post-1963","post","type-post","status-publish","format-standard","hentry","category-damals","category-zuhause"],"_links":{"self":[{"href":"https:\/\/www.lieblos.de\/index.php?rest_route=\/wp\/v2\/posts\/1963","targetHints":{"allow":["GET"]}}],"collection":[{"href":"https:\/\/www.lieblos.de\/index.php?rest_route=\/wp\/v2\/posts"}],"about":[{"href":"https:\/\/www.lieblos.de\/index.php?rest_route=\/wp\/v2\/types\/post"}],"author":[{"embeddable":true,"href":"https:\/\/www.lieblos.de\/index.php?rest_route=\/wp\/v2\/users\/1"}],"replies":[{"embeddable":true,"href":"https:\/\/www.lieblos.de\/index.php?rest_route=%2Fwp%2Fv2%2Fcomments&post=1963"}],"version-history":[{"count":3,"href":"https:\/\/www.lieblos.de\/index.php?rest_route=\/wp\/v2\/posts\/1963\/revisions"}],"predecessor-version":[{"id":1968,"href":"https:\/\/www.lieblos.de\/index.php?rest_route=\/wp\/v2\/posts\/1963\/revisions\/1968"}],"wp:attachment":[{"href":"https:\/\/www.lieblos.de\/index.php?rest_route=%2Fwp%2Fv2%2Fmedia&parent=1963"}],"wp:term":[{"taxonomy":"category","embeddable":true,"href":"https:\/\/www.lieblos.de\/index.php?rest_route=%2Fwp%2Fv2%2Fcategories&post=1963"},{"taxonomy":"post_tag","embeddable":true,"href":"https:\/\/www.lieblos.de\/index.php?rest_route=%2Fwp%2Fv2%2Ftags&post=1963"}],"curies":[{"name":"wp","href":"https:\/\/api.w.org\/{rel}","templated":true}]}}