{"id":2615,"date":"2018-12-03T22:51:15","date_gmt":"2018-12-03T21:51:15","guid":{"rendered":"https:\/\/www.lieblos.de\/?p=2615"},"modified":"2018-12-03T23:02:00","modified_gmt":"2018-12-03T22:02:00","slug":"aufraeumfuschen","status":"publish","type":"post","link":"https:\/\/www.lieblos.de\/?p=2615","title":{"rendered":"Aufr\u00e4umfuschen."},"content":{"rendered":"\n<p>Der Raum in dem ich rumfusche ist ja ein Mutifunktionalraum. Es gibt dort nicht nur die Heizung und Gefriertruhe(n) sondern auch vor allen Dingen die Keramik der Froo und den grossen Keramikofen. Kompromisse und Platznot sind an der Tagesordnung. \u00dcberall stapeln sich Dinge aus verschiedenen Bereichen: Hier Rohkeramik, dort die Kaffemaschine der Beberich im Winterschlaf, hier 4m Latten und dort schwere Zwischenlegeb\u00f6den f\u00fcr den Ofen. Von Kinderauto, \u00fcber Einrad bis hin zu Isoliermaterial findet sich alles in diesem Raum.<\/p>\n\n\n\n<figure class=\"wp-block-image\"><img loading=\"lazy\" decoding=\"async\" width=\"1200\" height=\"900\" src=\"https:\/\/www.lieblos.de\/wp-content\/uploads\/2018\/12\/neu90x60-1-1-1200x900.jpg\" alt=\"\" class=\"wp-image-2617\" srcset=\"https:\/\/www.lieblos.de\/wp-content\/uploads\/2018\/12\/neu90x60-1-1-1200x900.jpg 1200w, https:\/\/www.lieblos.de\/wp-content\/uploads\/2018\/12\/neu90x60-1-1-900x675.jpg 900w, https:\/\/www.lieblos.de\/wp-content\/uploads\/2018\/12\/neu90x60-1-1-768x576.jpg 768w, https:\/\/www.lieblos.de\/wp-content\/uploads\/2018\/12\/neu90x60-1-1.jpg 1280w\" sizes=\"auto, (max-width: 709px) 85vw, (max-width: 909px) 67vw, (max-width: 1362px) 62vw, 840px\" \/><figcaption>Platz, da ist pl\u00f6tzlich Platz!<\/figcaption><\/figure>\n\n\n\n<p>Es ist an der Zeit mal wieder etwas durchzugreifen und zu optimieren. Kleiner kann man das Volumen nur durch wegschmeissen machen. Das f\u00e4llt hier nat\u00fcrlich zum grossen Teil weg &#8211; ich bewahr ja nix unn\u00fctzes auf ;-)<\/p>\n\n\n\n<p>Also heisst es umsortieren, neue Ablagen schaffen &#8211; und in diesem speziellen Falle: Eine K\u00fchltruhe aus dem Raum entfernen! Dadurch wird Stelplatz im Masse 60x60cm frei &#8211; yiippiiaay\u00e4\u00e4\u00e4!<\/p>\n\n\n\n<p>Mit ein bisschen Zusammenr\u00fccken entsteht Platz f\u00fcr einen 90x60cm Schrank &#8211; etwas \u00fcber 2m hoch w\u00fcrde passen. Also ran an die OSB Platten und zurechtges\u00e4gt und verschraubt. Ein paar Dinge wurden dabei klar:<\/p>\n\n\n\n<ul class=\"wp-block-list\"><li>OSB ist fuschen. OSB macht keinen Spass. OSB ist eine Strafe (kostet daf\u00fcr aber am geringsten)<\/li><li>Alles was ich nicht mit der Tischkreiss\u00e4ge bearbeite wird schief (hab ich ja schon immer gesagt!)<\/li><li>Je Gr\u00f6\u00dfer die Teile &amp; das Objekt, desto doof.<\/li><li>Keinen Schrank mehr ohne einstellbare F\u00fc\u00dfe<\/li><li>Ich liiiiiebe spezielle L\u00f6sungen f\u00fcr genau den einen Zweck! (da ist das Aussehen dann nicht unwichtig, aber Prio zwei)<br><\/li><li>Schraubzwinken kann man immer brauchen ;-)<\/li><li>Die\u00a0 Anschaffung der Tischkreiss\u00e4ge war ein Meilenstein!<br><\/li><\/ul>\n\n\n\n<p>Ziel ist es m\u00f6glichst optimal f\u00fcr die Froo und den Ofen eine L\u00f6sung zu schaffen, die gleichzeitig viiiiiiiiel Kl\u00fcngelkram aufnehmen kann. Bin ich sonst doch ein verfechter von Schubladen, sollte hier ein Schrank mit T\u00fcren entstehen. Da ich unerwartet doch ganze 90cm Breite zusammengekratzt habe machte ich mich dran einen Teil als Apothekerschrank zu planen um dort alle Dosen und Farben unterzustellen. In Schubladen sieht man sie immer nur von oben, das ist weniger praktisch. Die verwende ich dann lieber f\u00fcr anderen Kram.<\/p>\n\n\n\n<div class=\"wp-block-image\"><figure class=\"alignleft is-resized\"><img loading=\"lazy\" decoding=\"async\" src=\"https:\/\/www.lieblos.de\/wp-content\/uploads\/2018\/12\/neu90x60-3-900x1200.jpg\" alt=\"\" class=\"wp-image-2618\" width=\"315\" height=\"420\" srcset=\"https:\/\/www.lieblos.de\/wp-content\/uploads\/2018\/12\/neu90x60-3-900x1200.jpg 900w, https:\/\/www.lieblos.de\/wp-content\/uploads\/2018\/12\/neu90x60-3-675x900.jpg 675w, https:\/\/www.lieblos.de\/wp-content\/uploads\/2018\/12\/neu90x60-3-768x1024.jpg 768w, https:\/\/www.lieblos.de\/wp-content\/uploads\/2018\/12\/neu90x60-3.jpg 960w\" sizes=\"auto, (max-width: 315px) 85vw, 315px\" \/><figcaption>90x60x205cm Korpus. Der Clou folgt.<\/figcaption><\/figure><\/div>\n\n\n\n<p>Der Korpus war schnell krum erstellt ;) Die Tauchs\u00e4ge und ich werden einfach keine Parallelschnittfreunde :( Ich hab irgendwo nen Knick im Auge, das merke ich andauerd und drum versuche ich mir abzugew\u00f6hnen etwas zu messen. Hab ich ja schon in der Ausbildung gelernt: Wer misst misst Misst. Kurzerhand entstand dann noch eine Parallelanschlagverbreitung f\u00fcr die Tischkreiss\u00e4ge &#8211; das schon mal nicht schlecht, nur man braucht ja echt Platz um ca 2mx0,6m grosse Platten \u00fcber den Tischs\u00e4ge zu schieben &#8211; auch, wenn die S\u00e4ge selbst nicht so riesig ist ;)<\/p>\n\n\n\n<figure class=\"wp-block-image\"><img loading=\"lazy\" decoding=\"async\" width=\"1200\" height=\"900\" src=\"https:\/\/www.lieblos.de\/wp-content\/uploads\/2018\/12\/neu90x60-2-1200x900.jpg\" alt=\"\" class=\"wp-image-2619\" srcset=\"https:\/\/www.lieblos.de\/wp-content\/uploads\/2018\/12\/neu90x60-2-1200x900.jpg 1200w, https:\/\/www.lieblos.de\/wp-content\/uploads\/2018\/12\/neu90x60-2-900x675.jpg 900w, https:\/\/www.lieblos.de\/wp-content\/uploads\/2018\/12\/neu90x60-2-768x576.jpg 768w, https:\/\/www.lieblos.de\/wp-content\/uploads\/2018\/12\/neu90x60-2.jpg 1280w\" sizes=\"auto, (max-width: 709px) 85vw, (max-width: 909px) 67vw, (max-width: 1362px) 62vw, 840px\" \/><figcaption>Mit Verbreiterung fast 90cm Schnittbreite!<\/figcaption><\/figure>\n\n\n\n<p>Der Clou am Schrank ist die Ablage f\u00fcr die schweren Zwischenb\u00f6den des Ofens. Dieser muss ja von oben beladen werden und andauernd muss meine Froo die Dinger aus der H\u00fcfte hochheben und hat dann auch noch Angst, das die runden Dinger irgendwann am Boden auch noch wegrollen (standen immer hochkannt neben dem Ofen).<\/p>\n\n\n\n<figure class=\"wp-block-image\"><img loading=\"lazy\" decoding=\"async\" width=\"1200\" height=\"900\" src=\"https:\/\/www.lieblos.de\/wp-content\/uploads\/2018\/12\/neu90x60-4-1200x900.jpg\" alt=\"\" class=\"wp-image-2620\" srcset=\"https:\/\/www.lieblos.de\/wp-content\/uploads\/2018\/12\/neu90x60-4-1200x900.jpg 1200w, https:\/\/www.lieblos.de\/wp-content\/uploads\/2018\/12\/neu90x60-4-900x675.jpg 900w, https:\/\/www.lieblos.de\/wp-content\/uploads\/2018\/12\/neu90x60-4-768x576.jpg 768w, https:\/\/www.lieblos.de\/wp-content\/uploads\/2018\/12\/neu90x60-4.jpg 1280w\" sizes=\"auto, (max-width: 709px) 85vw, (max-width: 909px) 67vw, (max-width: 1362px) 62vw, 840px\" \/><figcaption>Noch nicht sch\u00f6n, aber verdammt funktional!<\/figcaption><\/figure>\n\n\n\n<p>Also wurde diese Ablage der zentrale Punkt und damit das auch richtig bequem geht musste ein St\u00fcck Seitenwand weichen ;) &#8211; So k\u00f6nnen die Platten in \u00d6ffnungsh\u00f6he einfach r\u00fcbergehoben werden.<\/p>\n\n\n\n<p>Damit der Schrank nicht alles an Stabilit\u00e4t verliert sind alle Regalb\u00f6den fest mit dem Korpus verbunden. Der Boden f\u00fcr die 4 gro\u00dfen Platten hat noch Leisten als Unterbau bekommen &#8211; die Dinger sind verdammt schwer!<br><\/p>\n\n\n\n<p>Bez\u00fcglich des Schrankes blieb es erstmal dabei. Die T\u00fcren folgen, wenn die bestellten Beschl\u00e4ge da sind. Ich habe mich \u00fcbrigens gegen Apothekerauszug links entschieden. Ich werde tats\u00e4chlich Einzelausz\u00fcge + T\u00fcr basteln. Grund daf\u00fcr sind erstmal die nicht \u00fcberzeugenden Darstellungen im Netz von anderen &#8222;dahingeschusterten&#8220; Apothekerausz\u00fcgen und die Kosten\/Nutzen Rechnung: Ein echter Apothekerschrank Auszug liegt bei 115 Euro und kann 100kg tragen. Das a bisserl wenig an kg, wenn da Farbe rein kommt. Schubladenausz\u00fcge kann man nehmen, die vertragen aber bei horizontaler Einbauweise auch nix an kg. Eine L\u00f6sung auf Rollen habe ich ebenso verworfen. So kommen also normale Schubladenausz\u00fcge zum Zuge. Die k\u00f6nnen je 45kg!, haben Softclose und kosten keine 10 Euro\/Paar. Ich verliere zwar etwas an H\u00f6he aber bekomme mit meinen Anforderungen wohl noch Acht Ausz\u00fcge rein. Da wird ne Menge drin verschwinden und es werden viele Schubladen und Ecken frei! Demn\u00e4chst mehr dazu.<\/p>\n\n\n\n<figure class=\"wp-block-image\"><img loading=\"lazy\" decoding=\"async\" width=\"1200\" height=\"900\" src=\"https:\/\/www.lieblos.de\/wp-content\/uploads\/2018\/12\/neu90x60-5-1200x900.jpg\" alt=\"\" class=\"wp-image-2621\" srcset=\"https:\/\/www.lieblos.de\/wp-content\/uploads\/2018\/12\/neu90x60-5-1200x900.jpg 1200w, https:\/\/www.lieblos.de\/wp-content\/uploads\/2018\/12\/neu90x60-5-900x675.jpg 900w, https:\/\/www.lieblos.de\/wp-content\/uploads\/2018\/12\/neu90x60-5-768x576.jpg 768w, https:\/\/www.lieblos.de\/wp-content\/uploads\/2018\/12\/neu90x60-5.jpg 1280w\" sizes=\"auto, (max-width: 709px) 85vw, (max-width: 909px) 67vw, (max-width: 1362px) 62vw, 840px\" \/><figcaption>Das Thema mit den Zwingen, wie gut das ich die Linken gerade neu habe.<\/figcaption><\/figure>\n\n\n\n<div class=\"wp-block-image\"><figure class=\"alignright is-resized\"><img loading=\"lazy\" decoding=\"async\" src=\"https:\/\/www.lieblos.de\/wp-content\/uploads\/2018\/12\/neu90x60-6-900x1200.jpg\" alt=\"\" class=\"wp-image-2622\" width=\"269\" height=\"358\" srcset=\"https:\/\/www.lieblos.de\/wp-content\/uploads\/2018\/12\/neu90x60-6-900x1200.jpg 900w, https:\/\/www.lieblos.de\/wp-content\/uploads\/2018\/12\/neu90x60-6-675x900.jpg 675w, https:\/\/www.lieblos.de\/wp-content\/uploads\/2018\/12\/neu90x60-6-768x1024.jpg 768w, https:\/\/www.lieblos.de\/wp-content\/uploads\/2018\/12\/neu90x60-6.jpg 960w\" sizes=\"auto, (max-width: 269px) 85vw, 269px\" \/><figcaption>Kistenunterbau w\u00e4hrend des Aufh\u00e4ngens.<\/figcaption><\/figure><\/div>\n\n\n\n<p>Ich hab mit dem H\u00e4ngeschrank auf der rechten Seite weitergemacht. Auch das alte Eckregal musste weg und durch ein f\u00fcr die Froo optimiertes Ding ersetzt werden: 30x40x90cm. Der Schrank ist nur geklebt, alle Regalb\u00f6den sind eingenutet. Perfekt f\u00fcr s\u00e4mtliches Ofen-Ladungszubeh\u00f6r. Schrank und H\u00e4ngeschrank optimal angeordnet, so das sich der Ofen perfekt \u00f6ffnen l\u00e4sst. Im Prinzip fehlt nur noch ein Bild \u00fcber dem Ofen ;-) &#8230; oder ein Kobold, wie ich mir von der liebsten Froo sagen lassen hab. \u00dcber einen Ofen geh\u00f6rt ein Kobold! Also ich warte, wird nicht lange auf sich warten lassen, nehme ich an ;-)<\/p>\n\n\n\n<figure class=\"wp-block-image\"><img loading=\"lazy\" decoding=\"async\" width=\"900\" height=\"1200\" src=\"https:\/\/www.lieblos.de\/wp-content\/uploads\/2018\/12\/neu90x60-7-900x1200.jpg\" alt=\"\" class=\"wp-image-2623\" srcset=\"https:\/\/www.lieblos.de\/wp-content\/uploads\/2018\/12\/neu90x60-7-900x1200.jpg 900w, https:\/\/www.lieblos.de\/wp-content\/uploads\/2018\/12\/neu90x60-7-675x900.jpg 675w, https:\/\/www.lieblos.de\/wp-content\/uploads\/2018\/12\/neu90x60-7-768x1024.jpg 768w, https:\/\/www.lieblos.de\/wp-content\/uploads\/2018\/12\/neu90x60-7.jpg 960w\" sizes=\"auto, (max-width: 709px) 85vw, (max-width: 909px) 67vw, (max-width: 1362px) 62vw, 840px\" \/><figcaption>Schon was drin. Gut sortierter Kl\u00fcngelkram ;)<\/figcaption><\/figure>\n\n\n\n<p>Ein sch\u00f6ner Nebeneffekt \u00fcbrigens ist Schranktiefe von 60cm im Zusammenspiel mit dem 80cm tiefen Gefrierschrank links daneben. Ich hab den neuen Schrank vorne in Flucht gestellt, so entsteht hinter dem Schrank genau so viel Platz, das dort unsere Ersatz-Eingangst\u00fcr verschwinden kann. Man, die war mir schon immer ein Dorn im Auge des Holzlagers ;) Wie schon zu Beginn gesagt: Man kann die T\u00fcr nicht kleinert machen, aber durch den neuen Standort gab es einen gef\u00fchlt riesen Platzgewinn f\u00fcr grosse Holzplatten.<\/p>\n\n\n\n<p><strong>PS: Eines muss weg, und das ist das Einrad. Wer noch ein 26!er Einrad haben m\u00f6chte, zwar mit plattem Reifen und leichten Roststellen &#8211; aber ansonsten top funktional &#8211; der meldet sich einfach. <\/strong><br><\/p>\n","protected":false},"excerpt":{"rendered":"<p>Der Raum in dem ich rumfusche ist ja ein Mutifunktionalraum. Es gibt dort nicht nur die Heizung und Gefriertruhe(n) sondern auch vor allen Dingen die Keramik der Froo und den grossen Keramikofen. Kompromisse und Platznot sind an der Tagesordnung. \u00dcberall stapeln sich Dinge aus verschiedenen Bereichen: Hier Rohkeramik, dort die Kaffemaschine der Beberich im Winterschlaf, &hellip; <a href=\"https:\/\/www.lieblos.de\/?p=2615\" class=\"more-link\"><span class=\"screen-reader-text\">\u201eAufr\u00e4umfuschen.\u201c <\/span>weiterlesen<\/a><\/p>\n","protected":false},"author":1,"featured_media":0,"comment_status":"open","ping_status":"closed","sticky":false,"template":"","format":"standard","meta":{"footnotes":""},"categories":[36,14],"tags":[],"class_list":["post-2615","post","type-post","status-publish","format-standard","hentry","category-werkstatt","category-zuhause"],"_links":{"self":[{"href":"https:\/\/www.lieblos.de\/index.php?rest_route=\/wp\/v2\/posts\/2615","targetHints":{"allow":["GET"]}}],"collection":[{"href":"https:\/\/www.lieblos.de\/index.php?rest_route=\/wp\/v2\/posts"}],"about":[{"href":"https:\/\/www.lieblos.de\/index.php?rest_route=\/wp\/v2\/types\/post"}],"author":[{"embeddable":true,"href":"https:\/\/www.lieblos.de\/index.php?rest_route=\/wp\/v2\/users\/1"}],"replies":[{"embeddable":true,"href":"https:\/\/www.lieblos.de\/index.php?rest_route=%2Fwp%2Fv2%2Fcomments&post=2615"}],"version-history":[{"count":3,"href":"https:\/\/www.lieblos.de\/index.php?rest_route=\/wp\/v2\/posts\/2615\/revisions"}],"predecessor-version":[{"id":2626,"href":"https:\/\/www.lieblos.de\/index.php?rest_route=\/wp\/v2\/posts\/2615\/revisions\/2626"}],"wp:attachment":[{"href":"https:\/\/www.lieblos.de\/index.php?rest_route=%2Fwp%2Fv2%2Fmedia&parent=2615"}],"wp:term":[{"taxonomy":"category","embeddable":true,"href":"https:\/\/www.lieblos.de\/index.php?rest_route=%2Fwp%2Fv2%2Fcategories&post=2615"},{"taxonomy":"post_tag","embeddable":true,"href":"https:\/\/www.lieblos.de\/index.php?rest_route=%2Fwp%2Fv2%2Ftags&post=2615"}],"curies":[{"name":"wp","href":"https:\/\/api.w.org\/{rel}","templated":true}]}}