{"id":4102,"date":"2025-11-20T13:16:07","date_gmt":"2025-11-20T12:16:07","guid":{"rendered":"https:\/\/www.lieblos.de\/?p=4102"},"modified":"2026-03-02T13:42:56","modified_gmt":"2026-03-02T12:42:56","slug":"aber-ich-hab-ja-noch-das-fahrrad","status":"publish","type":"post","link":"https:\/\/www.lieblos.de\/?p=4102","title":{"rendered":"Aber ich hab ja noch das Fahrrad!"},"content":{"rendered":"\n<p>Und irgendwann war es soweit, der Geburtstag von Mama stand quasi vor der T\u00fcr! Ich hatte mir ausgemalt das ich die Strecke, 200km, in vier Tagen schaffe. Ich war ja noch nicht wieder so fit und ausserdem sind es so dann wenigstens drei \u00dcbernachtungen : -) Denn Fahrradfahren macht ja auch spass!<\/p>\n\n\n\n<p>Also packte ich meine Sachen und fuhr los!<\/p>\n\n\n\n<p>Zwar war es nicht das geilste Wetter, aber was willste machen!? Also in Regenklamotte los und zwei von vier Tage angehabt \u2026 daf\u00fcr hatte ich die Tage wohl \u201eWandern\u201c bei Komoot eingestellt \u2026 dachte ich zumindest auch, aber war wohl nicht so ; -) So f\u00fchrte mich die Strecke durch sch\u00f6ne bis unfahrbare Waldwege aber auch unendlich an Landstrasse entlang! Aber es war wirklich sch\u00f6n wieder auf dem Fahrrad .. eines der letzen Touren mit dem alten Fahrrad, denn ich habe mir ja ein Neues bestellt! So war das mit &#8222;jeden Kilometer mehr ausfallen der Gangschaltung&#8220; gut zu ertragen, ich weiss nicht mehr wo &#8211; aber auf dieser Tour liess sich irgendwann nur noch in zwei G\u00e4ngen vern\u00fcnftig fahren &#8211; da ich sie noch nicht ganz raus hatte trat ich mehrfach ins Leere ; -)<\/p>\n\n\n\n<figure class=\"wp-block-image size-large\"><img loading=\"lazy\" decoding=\"async\" width=\"1200\" height=\"900\" src=\"https:\/\/www.lieblos.de\/wp-content\/uploads\/2025\/11\/IMG_3498-1200x900.jpeg\" alt=\"\" class=\"wp-image-4109\" srcset=\"https:\/\/www.lieblos.de\/wp-content\/uploads\/2025\/11\/IMG_3498-1200x900.jpeg 1200w, https:\/\/www.lieblos.de\/wp-content\/uploads\/2025\/11\/IMG_3498-900x675.jpeg 900w, https:\/\/www.lieblos.de\/wp-content\/uploads\/2025\/11\/IMG_3498-768x576.jpeg 768w, https:\/\/www.lieblos.de\/wp-content\/uploads\/2025\/11\/IMG_3498-1536x1152.jpeg 1536w, https:\/\/www.lieblos.de\/wp-content\/uploads\/2025\/11\/IMG_3498-2048x1536.jpeg 2048w\" sizes=\"auto, (max-width: 709px) 85vw, (max-width: 909px) 67vw, (max-width: 1362px) 62vw, 840px\" \/><\/figure>\n\n\n\n<p><\/p>\n\n\n\n<!--more-->\n\n\n\n<p>Aber was solls, der Weg war sch\u00f6n und ich will ja Radfahren &#8211; nicht schalten ; -) Anstrengend wars trotzdem \u2026 aber wie sage ich immer: so lange es nicht neben einer Landstrasse oder Bundesstrasse ist &#8211; Alles Gut! Und so folgte ich Komoot und fuhr den ersten Tag h\u00e4ufig neben einer Bundes- oder Landstrasse, nur die <\/p>\n\n\n\n<figure class=\"wp-block-image size-large\"><img loading=\"lazy\" decoding=\"async\" width=\"1200\" height=\"900\" src=\"https:\/\/www.lieblos.de\/wp-content\/uploads\/2025\/11\/IMG_3501-1200x900.jpeg\" alt=\"\" class=\"wp-image-4110\" srcset=\"https:\/\/www.lieblos.de\/wp-content\/uploads\/2025\/11\/IMG_3501-1200x900.jpeg 1200w, https:\/\/www.lieblos.de\/wp-content\/uploads\/2025\/11\/IMG_3501-900x675.jpeg 900w, https:\/\/www.lieblos.de\/wp-content\/uploads\/2025\/11\/IMG_3501-768x576.jpeg 768w, https:\/\/www.lieblos.de\/wp-content\/uploads\/2025\/11\/IMG_3501-1536x1152.jpeg 1536w, https:\/\/www.lieblos.de\/wp-content\/uploads\/2025\/11\/IMG_3501-2048x1536.jpeg 2048w\" sizes=\"auto, (max-width: 709px) 85vw, (max-width: 909px) 67vw, (max-width: 1362px) 62vw, 840px\" \/><\/figure>\n\n\n\n<p>letzten Meter wurde es nochmal sch\u00f6n! Ich landete auf einem Campingplatz bei dem ich nat\u00fcrlich von Hinten anfuhr. Ich kam nat\u00fcrlich genau in der Mittagspause an und musste etwas auf den Platzwart warten &#8211; aber nicht so schlimm. Er war etwas stoffelig aber ich bekam einen sch\u00f6nen Platz &#8211; sogar mit <\/p>\n\n\n\n<figure class=\"wp-block-image size-large\"><img loading=\"lazy\" decoding=\"async\" width=\"1200\" height=\"900\" src=\"https:\/\/www.lieblos.de\/wp-content\/uploads\/2025\/11\/IMG_3507-1200x900.jpeg\" alt=\"\" class=\"wp-image-4111\" srcset=\"https:\/\/www.lieblos.de\/wp-content\/uploads\/2025\/11\/IMG_3507-1200x900.jpeg 1200w, https:\/\/www.lieblos.de\/wp-content\/uploads\/2025\/11\/IMG_3507-900x675.jpeg 900w, https:\/\/www.lieblos.de\/wp-content\/uploads\/2025\/11\/IMG_3507-768x576.jpeg 768w, https:\/\/www.lieblos.de\/wp-content\/uploads\/2025\/11\/IMG_3507-1536x1152.jpeg 1536w, https:\/\/www.lieblos.de\/wp-content\/uploads\/2025\/11\/IMG_3507-2048x1536.jpeg 2048w\" sizes=\"auto, (max-width: 709px) 85vw, (max-width: 909px) 67vw, (max-width: 1362px) 62vw, 840px\" \/><\/figure>\n\n\n\n<p>Strandkorb! Und da der regen etwas aufgeh\u00f6rt hatte, genoss ich den nachmittag im Strandkorb und Abends ne Pommes im naheliegenden sch\u00f6nen Imbiss! Er lag ca. 50m entfernt, also nicht wirklich weit! <\/p>\n\n\n\n<figure class=\"wp-block-image size-large\"><img loading=\"lazy\" decoding=\"async\" width=\"1200\" height=\"900\" src=\"https:\/\/www.lieblos.de\/wp-content\/uploads\/2025\/11\/IMG_3508-1200x900.jpeg\" alt=\"\" class=\"wp-image-4112\" srcset=\"https:\/\/www.lieblos.de\/wp-content\/uploads\/2025\/11\/IMG_3508-1200x900.jpeg 1200w, https:\/\/www.lieblos.de\/wp-content\/uploads\/2025\/11\/IMG_3508-900x675.jpeg 900w, https:\/\/www.lieblos.de\/wp-content\/uploads\/2025\/11\/IMG_3508-768x576.jpeg 768w, https:\/\/www.lieblos.de\/wp-content\/uploads\/2025\/11\/IMG_3508-1536x1152.jpeg 1536w, https:\/\/www.lieblos.de\/wp-content\/uploads\/2025\/11\/IMG_3508-2048x1536.jpeg 2048w\" sizes=\"auto, (max-width: 709px) 85vw, (max-width: 909px) 67vw, (max-width: 1362px) 62vw, 840px\" \/><\/figure>\n\n\n\n<p>Am zweiten Tag ging es dann quer durch die L\u00fcneburger Heide. Insgesamt sehr sch\u00f6n aber nen b\u00fcschn sandig. Ausserdem war an diesem Tag der Wurm drin, <\/p>\n\n\n\n<figure class=\"wp-block-image size-large\"><img loading=\"lazy\" decoding=\"async\" width=\"1200\" height=\"900\" src=\"https:\/\/www.lieblos.de\/wp-content\/uploads\/2025\/11\/IMG_3513-1200x900.jpeg\" alt=\"\" class=\"wp-image-4113\" srcset=\"https:\/\/www.lieblos.de\/wp-content\/uploads\/2025\/11\/IMG_3513-1200x900.jpeg 1200w, https:\/\/www.lieblos.de\/wp-content\/uploads\/2025\/11\/IMG_3513-900x675.jpeg 900w, https:\/\/www.lieblos.de\/wp-content\/uploads\/2025\/11\/IMG_3513-768x576.jpeg 768w, https:\/\/www.lieblos.de\/wp-content\/uploads\/2025\/11\/IMG_3513-1536x1152.jpeg 1536w, https:\/\/www.lieblos.de\/wp-content\/uploads\/2025\/11\/IMG_3513-2048x1536.jpeg 2048w\" sizes=\"auto, (max-width: 709px) 85vw, (max-width: 909px) 67vw, (max-width: 1362px) 62vw, 840px\" \/><\/figure>\n\n\n\n<figure class=\"wp-block-image size-large\"><img loading=\"lazy\" decoding=\"async\" width=\"1200\" height=\"900\" src=\"https:\/\/www.lieblos.de\/wp-content\/uploads\/2025\/11\/IMG_3518-1-1200x900.jpeg\" alt=\"\" class=\"wp-image-4117\" srcset=\"https:\/\/www.lieblos.de\/wp-content\/uploads\/2025\/11\/IMG_3518-1-1200x900.jpeg 1200w, https:\/\/www.lieblos.de\/wp-content\/uploads\/2025\/11\/IMG_3518-1-900x675.jpeg 900w, https:\/\/www.lieblos.de\/wp-content\/uploads\/2025\/11\/IMG_3518-1-768x576.jpeg 768w, https:\/\/www.lieblos.de\/wp-content\/uploads\/2025\/11\/IMG_3518-1-1536x1152.jpeg 1536w, https:\/\/www.lieblos.de\/wp-content\/uploads\/2025\/11\/IMG_3518-1-2048x1536.jpeg 2048w\" sizes=\"auto, (max-width: 709px) 85vw, (max-width: 909px) 67vw, (max-width: 1362px) 62vw, 840px\" \/><\/figure>\n\n\n\n<figure class=\"wp-block-image size-large\"><img loading=\"lazy\" decoding=\"async\" width=\"1200\" height=\"900\" src=\"https:\/\/www.lieblos.de\/wp-content\/uploads\/2025\/11\/IMG_3515-1200x900.jpeg\" alt=\"\" class=\"wp-image-4114\" srcset=\"https:\/\/www.lieblos.de\/wp-content\/uploads\/2025\/11\/IMG_3515-1200x900.jpeg 1200w, https:\/\/www.lieblos.de\/wp-content\/uploads\/2025\/11\/IMG_3515-900x675.jpeg 900w, https:\/\/www.lieblos.de\/wp-content\/uploads\/2025\/11\/IMG_3515-768x576.jpeg 768w, https:\/\/www.lieblos.de\/wp-content\/uploads\/2025\/11\/IMG_3515-1536x1152.jpeg 1536w, https:\/\/www.lieblos.de\/wp-content\/uploads\/2025\/11\/IMG_3515-2048x1536.jpeg 2048w\" sizes=\"auto, (max-width: 709px) 85vw, (max-width: 909px) 67vw, (max-width: 1362px) 62vw, 840px\" \/><\/figure>\n\n\n\n<figure class=\"wp-block-image size-large\"><img loading=\"lazy\" decoding=\"async\" width=\"900\" height=\"1200\" src=\"https:\/\/www.lieblos.de\/wp-content\/uploads\/2025\/11\/IMG_3516-900x1200.jpeg\" alt=\"\" class=\"wp-image-4115\" srcset=\"https:\/\/www.lieblos.de\/wp-content\/uploads\/2025\/11\/IMG_3516-900x1200.jpeg 900w, https:\/\/www.lieblos.de\/wp-content\/uploads\/2025\/11\/IMG_3516-675x900.jpeg 675w, https:\/\/www.lieblos.de\/wp-content\/uploads\/2025\/11\/IMG_3516-768x1024.jpeg 768w, https:\/\/www.lieblos.de\/wp-content\/uploads\/2025\/11\/IMG_3516-1152x1536.jpeg 1152w, https:\/\/www.lieblos.de\/wp-content\/uploads\/2025\/11\/IMG_3516-1536x2048.jpeg 1536w, https:\/\/www.lieblos.de\/wp-content\/uploads\/2025\/11\/IMG_3516-1200x1600.jpeg 1200w, https:\/\/www.lieblos.de\/wp-content\/uploads\/2025\/11\/IMG_3516-scaled.jpeg 1920w\" sizes=\"auto, (max-width: 709px) 85vw, (max-width: 909px) 67vw, (max-width: 1362px) 62vw, 840px\" \/><\/figure>\n\n\n\n<p>was die Pedalen angeht &#8211; insgesamt 5! mal legte ich mich auf die Fresse! Von leicht im Sand bis direkt vorm Laden, vor Leuten und auf Gehwegpflaster &#8211; was zu entsprechenden Blessuren meinerseits f\u00fchrte, am Ende landete ich auf einem riesen Campingplatz, erwischte aber nen sch\u00f6nen und ruhigen Platz am alten \u201eTorf-stecher Teich\u201c.<\/p>\n\n\n\n<figure class=\"wp-block-image size-large\"><img loading=\"lazy\" decoding=\"async\" width=\"1200\" height=\"900\" src=\"https:\/\/www.lieblos.de\/wp-content\/uploads\/2025\/11\/IMG_3526-1200x900.jpeg\" alt=\"\" class=\"wp-image-4118\" srcset=\"https:\/\/www.lieblos.de\/wp-content\/uploads\/2025\/11\/IMG_3526-1200x900.jpeg 1200w, https:\/\/www.lieblos.de\/wp-content\/uploads\/2025\/11\/IMG_3526-900x675.jpeg 900w, https:\/\/www.lieblos.de\/wp-content\/uploads\/2025\/11\/IMG_3526-768x576.jpeg 768w, https:\/\/www.lieblos.de\/wp-content\/uploads\/2025\/11\/IMG_3526-1536x1152.jpeg 1536w, https:\/\/www.lieblos.de\/wp-content\/uploads\/2025\/11\/IMG_3526-2048x1536.jpeg 2048w\" sizes=\"auto, (max-width: 709px) 85vw, (max-width: 909px) 67vw, (max-width: 1362px) 62vw, 840px\" \/><\/figure>\n\n\n\n<figure class=\"wp-block-image size-large\"><img loading=\"lazy\" decoding=\"async\" width=\"1200\" height=\"900\" src=\"https:\/\/www.lieblos.de\/wp-content\/uploads\/2025\/11\/IMG_3527-1200x900.jpeg\" alt=\"\" class=\"wp-image-4119\" srcset=\"https:\/\/www.lieblos.de\/wp-content\/uploads\/2025\/11\/IMG_3527-1200x900.jpeg 1200w, https:\/\/www.lieblos.de\/wp-content\/uploads\/2025\/11\/IMG_3527-900x675.jpeg 900w, https:\/\/www.lieblos.de\/wp-content\/uploads\/2025\/11\/IMG_3527-768x576.jpeg 768w, https:\/\/www.lieblos.de\/wp-content\/uploads\/2025\/11\/IMG_3527-1536x1152.jpeg 1536w, https:\/\/www.lieblos.de\/wp-content\/uploads\/2025\/11\/IMG_3527-2048x1536.jpeg 2048w\" sizes=\"auto, (max-width: 709px) 85vw, (max-width: 909px) 67vw, (max-width: 1362px) 62vw, 840px\" \/><\/figure>\n\n\n\n<p>Am sch\u00f6nsten fand ich an diesem Tag einen Trail durch den Wald, der wohl f\u00fcr\/von MTB Radler\/n gemacht wurde und den Rastplatz an einem alten Bauernhof &#8211; mit gef\u00fchlten Getr\u00e4nken!<\/p>\n\n\n\n<figure class=\"wp-block-image size-large\"><img loading=\"lazy\" decoding=\"async\" width=\"900\" height=\"1200\" src=\"https:\/\/www.lieblos.de\/wp-content\/uploads\/2025\/11\/IMG_3521-900x1200.jpeg\" alt=\"\" class=\"wp-image-4122\" srcset=\"https:\/\/www.lieblos.de\/wp-content\/uploads\/2025\/11\/IMG_3521-900x1200.jpeg 900w, https:\/\/www.lieblos.de\/wp-content\/uploads\/2025\/11\/IMG_3521-675x900.jpeg 675w, https:\/\/www.lieblos.de\/wp-content\/uploads\/2025\/11\/IMG_3521-768x1024.jpeg 768w, https:\/\/www.lieblos.de\/wp-content\/uploads\/2025\/11\/IMG_3521-1152x1536.jpeg 1152w, https:\/\/www.lieblos.de\/wp-content\/uploads\/2025\/11\/IMG_3521-1536x2048.jpeg 1536w, https:\/\/www.lieblos.de\/wp-content\/uploads\/2025\/11\/IMG_3521-1200x1600.jpeg 1200w, https:\/\/www.lieblos.de\/wp-content\/uploads\/2025\/11\/IMG_3521-scaled.jpeg 1920w\" sizes=\"auto, (max-width: 709px) 85vw, (max-width: 909px) 67vw, (max-width: 1362px) 62vw, 840px\" \/><\/figure>\n\n\n\n<figure class=\"wp-block-image size-large\"><img loading=\"lazy\" decoding=\"async\" width=\"1200\" height=\"900\" src=\"https:\/\/www.lieblos.de\/wp-content\/uploads\/2025\/11\/IMG_3520-1200x900.jpeg\" alt=\"\" class=\"wp-image-4121\" srcset=\"https:\/\/www.lieblos.de\/wp-content\/uploads\/2025\/11\/IMG_3520-1200x900.jpeg 1200w, https:\/\/www.lieblos.de\/wp-content\/uploads\/2025\/11\/IMG_3520-900x675.jpeg 900w, https:\/\/www.lieblos.de\/wp-content\/uploads\/2025\/11\/IMG_3520-768x576.jpeg 768w, https:\/\/www.lieblos.de\/wp-content\/uploads\/2025\/11\/IMG_3520-1536x1152.jpeg 1536w, https:\/\/www.lieblos.de\/wp-content\/uploads\/2025\/11\/IMG_3520-2048x1536.jpeg 2048w\" sizes=\"auto, (max-width: 709px) 85vw, (max-width: 909px) 67vw, (max-width: 1362px) 62vw, 840px\" \/><\/figure>\n\n\n\n<p>Den n\u00e4chsten Tag begann ich erstmal mit nem Espresso \u2026 ich war wieder angekommen auf dem Fahrrad und der Lebensweise! Am Abend vorher unterhielt ich mich noch mit einer \u00e4lteren Dame, sie wohnte fr\u00fcher auf dem Gel\u00e4nde und erz\u00e4hlte auch das mit dem Torf stechen ; -) War schon irgendwie <\/p>\n\n\n\n<figure class=\"wp-block-image size-large\"><img loading=\"lazy\" decoding=\"async\" width=\"1200\" height=\"900\" src=\"https:\/\/www.lieblos.de\/wp-content\/uploads\/2025\/11\/IMG_3530-1200x900.jpeg\" alt=\"\" class=\"wp-image-4125\" srcset=\"https:\/\/www.lieblos.de\/wp-content\/uploads\/2025\/11\/IMG_3530-1200x900.jpeg 1200w, https:\/\/www.lieblos.de\/wp-content\/uploads\/2025\/11\/IMG_3530-900x675.jpeg 900w, https:\/\/www.lieblos.de\/wp-content\/uploads\/2025\/11\/IMG_3530-768x576.jpeg 768w, https:\/\/www.lieblos.de\/wp-content\/uploads\/2025\/11\/IMG_3530-1536x1152.jpeg 1536w, https:\/\/www.lieblos.de\/wp-content\/uploads\/2025\/11\/IMG_3530-2048x1536.jpeg 2048w\" sizes=\"auto, (max-width: 709px) 85vw, (max-width: 909px) 67vw, (max-width: 1362px) 62vw, 840px\" \/><\/figure>\n\n\n\n<p>spannend die Geschichten nachm Krieg zu h\u00f6ren &#8211; und die aktuellen: Sie nimmt f\u00fcr nen G\u00e4stezimmer 30,- Euro, auf dem Campingplatz mit eigens mitgebrachtem Zelt kostete es die Nacht 25,- Euro, naja wers sch\u00f6n haben will der muss es ja nicht gem\u00fctlich haben wollen ; -)<\/p>\n\n\n\n<figure class=\"wp-block-image size-large\"><img loading=\"lazy\" decoding=\"async\" width=\"1200\" height=\"900\" src=\"https:\/\/www.lieblos.de\/wp-content\/uploads\/2025\/11\/IMG_3531-1200x900.jpeg\" alt=\"\" class=\"wp-image-4126\" srcset=\"https:\/\/www.lieblos.de\/wp-content\/uploads\/2025\/11\/IMG_3531-1200x900.jpeg 1200w, https:\/\/www.lieblos.de\/wp-content\/uploads\/2025\/11\/IMG_3531-900x675.jpeg 900w, https:\/\/www.lieblos.de\/wp-content\/uploads\/2025\/11\/IMG_3531-768x576.jpeg 768w, https:\/\/www.lieblos.de\/wp-content\/uploads\/2025\/11\/IMG_3531-1536x1152.jpeg 1536w, https:\/\/www.lieblos.de\/wp-content\/uploads\/2025\/11\/IMG_3531-2048x1536.jpeg 2048w\" sizes=\"auto, (max-width: 709px) 85vw, (max-width: 909px) 67vw, (max-width: 1362px) 62vw, 840px\" \/><\/figure>\n\n\n\n<p>So fuhr ich weiter und der Weg f\u00fchrte ich fast 100% durch den Wald zum n\u00e4chsten Campingplatz auf dem ich den wildesten Monolog anh\u00f6ren musste &#8211; warum es scheisse ist in der Mittagspause zu kommen und dann auch noch anzurufen &#8211; wo das doch hier \u00fcberall steht und sowieso jeder Campingplatz die Mittagspause so hat wie er &#8230;<\/p>\n\n\n\n<figure class=\"wp-block-image size-large\"><img loading=\"lazy\" decoding=\"async\" width=\"1200\" height=\"900\" src=\"https:\/\/www.lieblos.de\/wp-content\/uploads\/2025\/11\/IMG_3534-1200x900.jpeg\" alt=\"\" class=\"wp-image-4127\" srcset=\"https:\/\/www.lieblos.de\/wp-content\/uploads\/2025\/11\/IMG_3534-1200x900.jpeg 1200w, https:\/\/www.lieblos.de\/wp-content\/uploads\/2025\/11\/IMG_3534-900x675.jpeg 900w, https:\/\/www.lieblos.de\/wp-content\/uploads\/2025\/11\/IMG_3534-768x576.jpeg 768w, https:\/\/www.lieblos.de\/wp-content\/uploads\/2025\/11\/IMG_3534-1536x1152.jpeg 1536w, https:\/\/www.lieblos.de\/wp-content\/uploads\/2025\/11\/IMG_3534-2048x1536.jpeg 2048w\" sizes=\"auto, (max-width: 709px) 85vw, (max-width: 909px) 67vw, (max-width: 1362px) 62vw, 840px\" \/><\/figure>\n\n\n\n<figure class=\"wp-block-image size-large\"><img loading=\"lazy\" decoding=\"async\" width=\"1200\" height=\"900\" src=\"https:\/\/www.lieblos.de\/wp-content\/uploads\/2025\/11\/IMG_3535-1200x900.jpeg\" alt=\"\" class=\"wp-image-4131\" srcset=\"https:\/\/www.lieblos.de\/wp-content\/uploads\/2025\/11\/IMG_3535-1200x900.jpeg 1200w, https:\/\/www.lieblos.de\/wp-content\/uploads\/2025\/11\/IMG_3535-900x675.jpeg 900w, https:\/\/www.lieblos.de\/wp-content\/uploads\/2025\/11\/IMG_3535-768x576.jpeg 768w, https:\/\/www.lieblos.de\/wp-content\/uploads\/2025\/11\/IMG_3535-1536x1152.jpeg 1536w, https:\/\/www.lieblos.de\/wp-content\/uploads\/2025\/11\/IMG_3535-2048x1536.jpeg 2048w\" sizes=\"auto, (max-width: 709px) 85vw, (max-width: 909px) 67vw, (max-width: 1362px) 62vw, 840px\" \/><\/figure>\n\n\n\n<p>Ich erw\u00e4hnte das ich das nicht erkennen konnte, das er Mittagspause hat und er warf mir dann noch Unaufmerksamkeit vor, nen riesen Schild steht da an der Schranke! Ich diskutierte das auch zu hause, denn ich bin ja schon so alt das ich nicht nur Relektiere sondern auch bereit bin meine Sichtweisen zu \u00e4ndern! Aus diesem Grund machte ich ein Foto vom Schild an der Schranke, doch auch die Familie und Freunde sagten, das sie eine Mittagspause aus diesem Schild nicht erkennen k\u00f6nnen!<\/p>\n\n\n\n<figure class=\"wp-block-gallery has-nested-images columns-default is-cropped wp-block-gallery-1 is-layout-flex wp-block-gallery-is-layout-flex\">\n<figure class=\"wp-block-image size-large\"><img loading=\"lazy\" decoding=\"async\" width=\"900\" height=\"1200\" data-id=\"4130\" src=\"https:\/\/www.lieblos.de\/wp-content\/uploads\/2025\/11\/IMG_3536-900x1200.jpeg\" alt=\"\" class=\"wp-image-4130\" srcset=\"https:\/\/www.lieblos.de\/wp-content\/uploads\/2025\/11\/IMG_3536-900x1200.jpeg 900w, https:\/\/www.lieblos.de\/wp-content\/uploads\/2025\/11\/IMG_3536-675x900.jpeg 675w, https:\/\/www.lieblos.de\/wp-content\/uploads\/2025\/11\/IMG_3536-768x1024.jpeg 768w, https:\/\/www.lieblos.de\/wp-content\/uploads\/2025\/11\/IMG_3536-1152x1536.jpeg 1152w, https:\/\/www.lieblos.de\/wp-content\/uploads\/2025\/11\/IMG_3536-1536x2048.jpeg 1536w, https:\/\/www.lieblos.de\/wp-content\/uploads\/2025\/11\/IMG_3536-1200x1600.jpeg 1200w, https:\/\/www.lieblos.de\/wp-content\/uploads\/2025\/11\/IMG_3536-scaled.jpeg 1920w\" sizes=\"auto, (max-width: 709px) 85vw, (max-width: 909px) 67vw, (max-width: 1362px) 62vw, 840px\" \/><\/figure>\n<\/figure>\n\n\n\n<p>Naja war trotzdem ok dort! <\/p>\n\n\n\n<p><\/p>\n\n\n\n<p>Am letzten Tag landete ich dann auf einem Moorweg der echt nicht mehr befahrbar war, da nen halben Meter hohes Grass und unten drunter Moor, welches einfach zu tief einsank \u2026 beim Fahren und auch beim daneben Stehen ;-) Zu lange durfte man sich nicht auf einer Stelle aufhalten, dann sank man ein \u2026 aber egal es war verkackt! sch\u00f6n! Und so schob ich ein St\u00fcck und h\u00fcpfte von Insel zu Insel ; -)<\/p>\n\n\n\n<figure class=\"wp-block-image size-large\"><img loading=\"lazy\" decoding=\"async\" width=\"1200\" height=\"900\" src=\"https:\/\/www.lieblos.de\/wp-content\/uploads\/2025\/11\/IMG_3537-1200x900.jpeg\" alt=\"\" class=\"wp-image-4132\" srcset=\"https:\/\/www.lieblos.de\/wp-content\/uploads\/2025\/11\/IMG_3537-1200x900.jpeg 1200w, https:\/\/www.lieblos.de\/wp-content\/uploads\/2025\/11\/IMG_3537-900x675.jpeg 900w, https:\/\/www.lieblos.de\/wp-content\/uploads\/2025\/11\/IMG_3537-768x576.jpeg 768w, https:\/\/www.lieblos.de\/wp-content\/uploads\/2025\/11\/IMG_3537-1536x1152.jpeg 1536w, https:\/\/www.lieblos.de\/wp-content\/uploads\/2025\/11\/IMG_3537-2048x1536.jpeg 2048w\" sizes=\"auto, (max-width: 709px) 85vw, (max-width: 909px) 67vw, (max-width: 1362px) 62vw, 840px\" \/><\/figure>\n\n\n\n<p>Kurz vor Mama dann die Schiffdorfer Stauschleuse. Tats\u00e4chlich mal an einem Sonntag vorbei gekommen und der Biergarten hinterm Haus hatte ge\u00f6ffnet!<\/p>\n\n\n\n<figure class=\"wp-block-image size-large\"><img loading=\"lazy\" decoding=\"async\" width=\"1200\" height=\"900\" src=\"https:\/\/www.lieblos.de\/wp-content\/uploads\/2025\/11\/IMG_3539-1200x900.jpeg\" alt=\"\" class=\"wp-image-4133\" srcset=\"https:\/\/www.lieblos.de\/wp-content\/uploads\/2025\/11\/IMG_3539-1200x900.jpeg 1200w, https:\/\/www.lieblos.de\/wp-content\/uploads\/2025\/11\/IMG_3539-900x675.jpeg 900w, https:\/\/www.lieblos.de\/wp-content\/uploads\/2025\/11\/IMG_3539-768x576.jpeg 768w, https:\/\/www.lieblos.de\/wp-content\/uploads\/2025\/11\/IMG_3539-1536x1152.jpeg 1536w, https:\/\/www.lieblos.de\/wp-content\/uploads\/2025\/11\/IMG_3539-2048x1536.jpeg 2048w\" sizes=\"auto, (max-width: 709px) 85vw, (max-width: 909px) 67vw, (max-width: 1362px) 62vw, 840px\" \/><\/figure>\n\n\n\n<p>Also hin da und Pommes essen!<\/p>\n\n\n\n<p><\/p>\n\n\n\n<p><\/p>\n\n\n\n<p><\/p>\n\n\n\n<p><\/p>\n\n\n\n<p><\/p>\n\n\n\n<p><\/p>\n\n\n\n<p><\/p>\n\n\n\n<p><\/p>\n\n\n\n<p><\/p>\n\n\n\n<p><\/p>\n\n\n\n<p><\/p>\n\n\n\n<p><\/p>\n\n\n\n<p><\/p>\n\n\n\n<p><\/p>\n\n\n\n<p><\/p>\n\n\n\n<p><\/p>\n\n\n\n<p><\/p>\n\n\n\n<p><\/p>\n\n\n\n<p><\/p>\n\n\n\n<p><\/p>\n\n\n\n<p><\/p>\n\n\n\n<p><\/p>\n\n\n\n<p><\/p>\n\n\n\n<p><\/p>\n\n\n\n<p><\/p>\n\n\n\n<p><\/p>\n\n\n\n<p><\/p>\n\n\n\n<p><\/p>\n\n\n\n<p><\/p>\n\n\n\n<p><\/p>\n\n\n\n<p><\/p>\n\n\n\n<p><\/p>\n\n\n\n<p><\/p>\n\n\n\n<p><\/p>\n\n\n\n<p><\/p>\n\n\n\n<p>Nach dem Moor kam die L\u00fcneburger Heide \u2026 und der mir schon bekannte Sandweg, der in keinem guten Zustand war &#8211; ich weiss nicht ob Wetter oder die Schaltung oder am Ende nur einfach ich selbst schuld waren das ich auf dem Sandweg eine Landung auf den Boden machte \u2026 naja nicht so schlimm, war ja Sand. Da tat das Fallen kurz darauf vor einem Laden mehr weh! Beim absteigen kam ich nicht aus den Pedalen und *zack* umfallt! Direkt vorm laden und vor Publikum ; -) Das gab auch ne ordentliche Schramme!<\/p>\n\n\n\n<p>An diesem Tag war echt der Teufel drin, ende des Tages hatte ich f\u00fcnf! St\u00fcrze hinter mir, ist ja fast peinlich \u2026 und tats\u00e4chlich lag es wohl an den Pedalen aus denen ich nicht immer rauskam.<\/p>\n","protected":false},"excerpt":{"rendered":"<p>Und irgendwann war es soweit, der Geburtstag von Mama stand quasi vor der T\u00fcr! Ich hatte mir ausgemalt das ich die Strecke, 200km, in vier Tagen schaffe. Ich war ja noch nicht wieder so fit und ausserdem sind es so dann wenigstens drei \u00dcbernachtungen : -) Denn Fahrradfahren macht ja auch spass! Also packte ich &hellip; <a href=\"https:\/\/www.lieblos.de\/?p=4102\" class=\"more-link\"><span class=\"screen-reader-text\">\u201eAber ich hab ja noch das Fahrrad!\u201c <\/span>weiterlesen<\/a><\/p>\n","protected":false},"author":1,"featured_media":0,"comment_status":"open","ping_status":"closed","sticky":false,"template":"","format":"standard","meta":{"footnotes":""},"categories":[13],"tags":[],"class_list":["post-4102","post","type-post","status-publish","format-standard","hentry","category-radfahren"],"_links":{"self":[{"href":"https:\/\/www.lieblos.de\/index.php?rest_route=\/wp\/v2\/posts\/4102","targetHints":{"allow":["GET"]}}],"collection":[{"href":"https:\/\/www.lieblos.de\/index.php?rest_route=\/wp\/v2\/posts"}],"about":[{"href":"https:\/\/www.lieblos.de\/index.php?rest_route=\/wp\/v2\/types\/post"}],"author":[{"embeddable":true,"href":"https:\/\/www.lieblos.de\/index.php?rest_route=\/wp\/v2\/users\/1"}],"replies":[{"embeddable":true,"href":"https:\/\/www.lieblos.de\/index.php?rest_route=%2Fwp%2Fv2%2Fcomments&post=4102"}],"version-history":[{"count":7,"href":"https:\/\/www.lieblos.de\/index.php?rest_route=\/wp\/v2\/posts\/4102\/revisions"}],"predecessor-version":[{"id":4225,"href":"https:\/\/www.lieblos.de\/index.php?rest_route=\/wp\/v2\/posts\/4102\/revisions\/4225"}],"wp:attachment":[{"href":"https:\/\/www.lieblos.de\/index.php?rest_route=%2Fwp%2Fv2%2Fmedia&parent=4102"}],"wp:term":[{"taxonomy":"category","embeddable":true,"href":"https:\/\/www.lieblos.de\/index.php?rest_route=%2Fwp%2Fv2%2Fcategories&post=4102"},{"taxonomy":"post_tag","embeddable":true,"href":"https:\/\/www.lieblos.de\/index.php?rest_route=%2Fwp%2Fv2%2Ftags&post=4102"}],"curies":[{"name":"wp","href":"https:\/\/api.w.org\/{rel}","templated":true}]}}