{"id":4300,"date":"2026-03-12T14:41:28","date_gmt":"2026-03-12T13:41:28","guid":{"rendered":"https:\/\/www.lieblos.de\/?p=4300"},"modified":"2026-03-12T15:14:36","modified_gmt":"2026-03-12T14:14:36","slug":"ab-zum-oktoberfest","status":"publish","type":"post","link":"https:\/\/www.lieblos.de\/?p=4300","title":{"rendered":"Ab zum Oktoberfest!"},"content":{"rendered":"\n<p>Und das in Misselwarden! Ich war eingeladen zum Oktoberfest in Misselwarden und da wollte ich auch gerne hin, also begab ich mich mit dem neuen Fahrrad nach hause\/nach Padingb\u00fcttel zu den Harms, ich freute mich schon sehr auf die Tour und packte die Sache wie Zelt und Co auf mein Fahrrad und fuhr den n\u00e4chsten Tag los. Im Kopf wie immer den Plan auf Zeltpl\u00e4tzen zu \u00fcbernachten doch das Wetter versprach nix gutes &#8211; zumindest wenn man Gut mit Sonne gleichsetzt. Das Wetter war sehr durchwachsen, da ich den obigen Vergleich eher nicht in meinem Kopf hatte hiess es nur die richtige Jacke anziehen und los ging es!<\/p>\n\n\n\n<!--more-->\n\n\n\n<p>Am ersten Nachmittag sank die Laune jedoch ziemlich nach unten: Es regnete immer wieder und ich musste mich auch manches Mal auf Grund des Regens unterstellen und so hatte ich keine Lust auf nen Campingplatz und nahm mir kurzer Hand ein Zimmer irgendwo was gerade passte. Es war etwas schwierig das Zimmer im Regen auf dem Smartphone zu buchen &#8230; aber was sollste machen, ich wollte ein warmes Bett und die Nacht trocken liegen und akzeptierte die moderne Buchungsweise! Der Regen tat sein \u00fcbliches hinzu die Buchung zu erschweren &#8230;<\/p>\n\n\n\n<figure class=\"wp-block-gallery has-nested-images columns-default is-cropped wp-block-gallery-1 is-layout-flex wp-block-gallery-is-layout-flex\">\n<figure class=\"wp-block-image size-large\"><img loading=\"lazy\" decoding=\"async\" width=\"1200\" height=\"900\" data-id=\"4302\" src=\"https:\/\/www.lieblos.de\/wp-content\/uploads\/2026\/03\/IMG_3890-1200x900.jpeg\" alt=\"\" class=\"wp-image-4302\" srcset=\"https:\/\/www.lieblos.de\/wp-content\/uploads\/2026\/03\/IMG_3890-1200x900.jpeg 1200w, https:\/\/www.lieblos.de\/wp-content\/uploads\/2026\/03\/IMG_3890-900x675.jpeg 900w, https:\/\/www.lieblos.de\/wp-content\/uploads\/2026\/03\/IMG_3890-768x576.jpeg 768w, https:\/\/www.lieblos.de\/wp-content\/uploads\/2026\/03\/IMG_3890-1536x1152.jpeg 1536w, https:\/\/www.lieblos.de\/wp-content\/uploads\/2026\/03\/IMG_3890-2048x1536.jpeg 2048w\" sizes=\"auto, (max-width: 709px) 85vw, (max-width: 909px) 67vw, (max-width: 1362px) 62vw, 840px\" \/><\/figure>\n\n\n\n<figure class=\"wp-block-image size-large\"><img loading=\"lazy\" decoding=\"async\" width=\"1200\" height=\"900\" data-id=\"4303\" src=\"https:\/\/www.lieblos.de\/wp-content\/uploads\/2026\/03\/IMG_3889-1200x900.jpeg\" alt=\"\" class=\"wp-image-4303\" srcset=\"https:\/\/www.lieblos.de\/wp-content\/uploads\/2026\/03\/IMG_3889-1200x900.jpeg 1200w, https:\/\/www.lieblos.de\/wp-content\/uploads\/2026\/03\/IMG_3889-900x675.jpeg 900w, https:\/\/www.lieblos.de\/wp-content\/uploads\/2026\/03\/IMG_3889-768x576.jpeg 768w, https:\/\/www.lieblos.de\/wp-content\/uploads\/2026\/03\/IMG_3889-1536x1152.jpeg 1536w, https:\/\/www.lieblos.de\/wp-content\/uploads\/2026\/03\/IMG_3889-2048x1536.jpeg 2048w\" sizes=\"auto, (max-width: 709px) 85vw, (max-width: 909px) 67vw, (max-width: 1362px) 62vw, 840px\" \/><\/figure>\n<\/figure>\n\n\n\n<p><\/p>\n\n\n\n<p>Die Nacht war sehr fein, daf\u00fcr ging es am Morgen im Regen weiter &#8211; naja ; -)<\/p>\n\n\n\n<figure class=\"wp-block-image size-large\"><img loading=\"lazy\" decoding=\"async\" width=\"1200\" height=\"900\" src=\"https:\/\/www.lieblos.de\/wp-content\/uploads\/2026\/03\/IMG_3891-1200x900.jpeg\" alt=\"\" class=\"wp-image-4306\" srcset=\"https:\/\/www.lieblos.de\/wp-content\/uploads\/2026\/03\/IMG_3891-1200x900.jpeg 1200w, https:\/\/www.lieblos.de\/wp-content\/uploads\/2026\/03\/IMG_3891-900x675.jpeg 900w, https:\/\/www.lieblos.de\/wp-content\/uploads\/2026\/03\/IMG_3891-768x576.jpeg 768w, https:\/\/www.lieblos.de\/wp-content\/uploads\/2026\/03\/IMG_3891-1536x1152.jpeg 1536w, https:\/\/www.lieblos.de\/wp-content\/uploads\/2026\/03\/IMG_3891-2048x1536.jpeg 2048w\" sizes=\"auto, (max-width: 709px) 85vw, (max-width: 909px) 67vw, (max-width: 1362px) 62vw, 840px\" \/><\/figure>\n\n\n\n<p>Nen B\u00e4cker war nicht zu finden und so fand ich mich irgendwann, irgendwo in nem Edeka wieder , der im vorderen Bereich auch \u00fcber einen B\u00e4cker verf\u00fcgte. Ein etwas komisches Gef\u00fchl, aber im Prinzip gut genug und man konnte die Minuten dort auch geniessen. Man kann sagen das ich mich in einem richtigen Cafe oder auch B\u00e4cker wohler f\u00fchle &#8211; aber das ist wie mit dem Buchen des Zimmers. Man muss die modernen Dinge manchmal einfach hinnehmen : -( F\u00fcr die modernen Dinge bin ich normalerweise zu altmodisch und halte mich da fern, aber nun ja ; -)<\/p>\n\n\n\n<p>Auf dem weiteren Weg nach Bremerhaven sah ich irgendwann etwas sonderbares am Weg. Von weitem sah es aus, wie ne Kug die am Wegesrand steht, doch das konnte ja nicht sein. Ne Kuh geh\u00f6rt auf ne eingez\u00e4unte Wiese in unserer Gesellschaft. Automatisch fuhr ich etwas langsamer, weil ich unsicher war und so ne Kuh ja auch nicht immer freundlich gegen\u00fcber kommenden Menschen ist, naja ggf ist sie immer freundlich, jedoch f\u00fchr die Angst zu Verhalten welches f\u00fcr den Menschen eher hinderlich\/verletzend sein kann &#8211; doch als ich n\u00e4her kam dachte ich: Ach das ist ne Plastikkuh, denn sie bewegte sich auch nicht! Als ich dann an Ihr vorbei fuhr sah ich das sie ihren Kopf hinter mir her bewegt. Es war eine echte Kuh! Faszinierend und erschrecken zugleich! Was macht so ne ruhige und stille Kuh am Strassenrand ; -)<\/p>\n\n\n\n<figure class=\"wp-block-gallery has-nested-images columns-default is-cropped wp-block-gallery-2 is-layout-flex wp-block-gallery-is-layout-flex\">\n<figure class=\"wp-block-image size-large\"><img loading=\"lazy\" decoding=\"async\" width=\"1200\" height=\"900\" data-id=\"4307\" src=\"https:\/\/www.lieblos.de\/wp-content\/uploads\/2026\/03\/IMG_3894-1200x900.jpeg\" alt=\"\" class=\"wp-image-4307\" srcset=\"https:\/\/www.lieblos.de\/wp-content\/uploads\/2026\/03\/IMG_3894-1200x900.jpeg 1200w, https:\/\/www.lieblos.de\/wp-content\/uploads\/2026\/03\/IMG_3894-900x675.jpeg 900w, https:\/\/www.lieblos.de\/wp-content\/uploads\/2026\/03\/IMG_3894-768x576.jpeg 768w, https:\/\/www.lieblos.de\/wp-content\/uploads\/2026\/03\/IMG_3894-1536x1152.jpeg 1536w, https:\/\/www.lieblos.de\/wp-content\/uploads\/2026\/03\/IMG_3894-2048x1536.jpeg 2048w\" sizes=\"auto, (max-width: 709px) 85vw, (max-width: 909px) 67vw, (max-width: 1362px) 62vw, 840px\" \/><\/figure>\n\n\n\n<figure class=\"wp-block-image size-large\"><img loading=\"lazy\" decoding=\"async\" width=\"1200\" height=\"900\" data-id=\"4308\" src=\"https:\/\/www.lieblos.de\/wp-content\/uploads\/2026\/03\/IMG_3893-1200x900.jpeg\" alt=\"\" class=\"wp-image-4308\" srcset=\"https:\/\/www.lieblos.de\/wp-content\/uploads\/2026\/03\/IMG_3893-1200x900.jpeg 1200w, https:\/\/www.lieblos.de\/wp-content\/uploads\/2026\/03\/IMG_3893-900x675.jpeg 900w, https:\/\/www.lieblos.de\/wp-content\/uploads\/2026\/03\/IMG_3893-768x576.jpeg 768w, https:\/\/www.lieblos.de\/wp-content\/uploads\/2026\/03\/IMG_3893-1536x1152.jpeg 1536w, https:\/\/www.lieblos.de\/wp-content\/uploads\/2026\/03\/IMG_3893-2048x1536.jpeg 2048w\" sizes=\"auto, (max-width: 709px) 85vw, (max-width: 909px) 67vw, (max-width: 1362px) 62vw, 840px\" \/><\/figure>\n<\/figure>\n\n\n\n<p><\/p>\n\n\n\n<p>Sehr faszinierend!<\/p>\n\n\n\n<p><\/p>\n","protected":false},"excerpt":{"rendered":"<p>Und das in Misselwarden! Ich war eingeladen zum Oktoberfest in Misselwarden und da wollte ich auch gerne hin, also begab ich mich mit dem neuen Fahrrad nach hause\/nach Padingb\u00fcttel zu den Harms, ich freute mich schon sehr auf die Tour und packte die Sache wie Zelt und Co auf mein Fahrrad und fuhr den n\u00e4chsten &hellip; <a href=\"https:\/\/www.lieblos.de\/?p=4300\" class=\"more-link\"><span class=\"screen-reader-text\">\u201eAb zum Oktoberfest!\u201c <\/span>weiterlesen<\/a><\/p>\n","protected":false},"author":1,"featured_media":0,"comment_status":"open","ping_status":"closed","sticky":false,"template":"","format":"standard","meta":{"footnotes":""},"categories":[13,2],"tags":[],"class_list":["post-4300","post","type-post","status-publish","format-standard","hentry","category-radfahren","category-unterwegs"],"_links":{"self":[{"href":"https:\/\/www.lieblos.de\/index.php?rest_route=\/wp\/v2\/posts\/4300","targetHints":{"allow":["GET"]}}],"collection":[{"href":"https:\/\/www.lieblos.de\/index.php?rest_route=\/wp\/v2\/posts"}],"about":[{"href":"https:\/\/www.lieblos.de\/index.php?rest_route=\/wp\/v2\/types\/post"}],"author":[{"embeddable":true,"href":"https:\/\/www.lieblos.de\/index.php?rest_route=\/wp\/v2\/users\/1"}],"replies":[{"embeddable":true,"href":"https:\/\/www.lieblos.de\/index.php?rest_route=%2Fwp%2Fv2%2Fcomments&post=4300"}],"version-history":[{"count":6,"href":"https:\/\/www.lieblos.de\/index.php?rest_route=\/wp\/v2\/posts\/4300\/revisions"}],"predecessor-version":[{"id":4312,"href":"https:\/\/www.lieblos.de\/index.php?rest_route=\/wp\/v2\/posts\/4300\/revisions\/4312"}],"wp:attachment":[{"href":"https:\/\/www.lieblos.de\/index.php?rest_route=%2Fwp%2Fv2%2Fmedia&parent=4300"}],"wp:term":[{"taxonomy":"category","embeddable":true,"href":"https:\/\/www.lieblos.de\/index.php?rest_route=%2Fwp%2Fv2%2Fcategories&post=4300"},{"taxonomy":"post_tag","embeddable":true,"href":"https:\/\/www.lieblos.de\/index.php?rest_route=%2Fwp%2Fv2%2Ftags&post=4300"}],"curies":[{"name":"wp","href":"https:\/\/api.w.org\/{rel}","templated":true}]}}